{"id":220,"date":"2014-12-14T03:27:46","date_gmt":"2014-12-14T03:27:46","guid":{"rendered":"http:\/\/www.elfuturoeselectrico.com\/?p=220"},"modified":"2014-12-14T03:27:46","modified_gmt":"2014-12-14T03:27:46","slug":"formula-e-en-punta-del-este-gano-el-suizo-sebastian-buemi","status":"publish","type":"post","link":"https:\/\/elfuturoeselectrico.com\/?p=220","title":{"rendered":"F\u00f3rmula E en Punta del Este: gan\u00f3 el suizo Sebasti\u00e1n Buemi"},"content":{"rendered":"<p>En una carrera llena de emociones hasta el final, unas 10.000 personas siguieron de cerca la competici\u00f3n de automovilismo<\/p>\n<p><img loading=\"lazy\" decoding=\"async\" class=\"col-xs-12 img-responsive\" src=\"http:\/\/static.subrayado.com.uy\/media\/cache\/11\/96\/11961848682da0763458a7041b5c9d86.jpg\" alt=\"\" width=\"640\" height=\"360\" \/><\/p>\n<p>El suizo Sebastien Buemi gan\u00f3 en Punta del Este la tercera etapa del Mundial de F\u00f3rmula E. Es su primera victoria del a\u00f1o y lo deja en segunda posici\u00f3n en la clasificaci\u00f3n de conductores.<\/p>\n<p>Super\u00f3 por pocos segundos al brasile\u00f1o Nelson Piquet (China Racing), hijo del famoso campe\u00f3n de F\u00f3rmula Uno.<\/p>\n<p><!--more--><\/p>\n<p>Lucas Di Grassi, el piloto que va primero en el campeonato, qued\u00f3 en tercer lugar y subi\u00f3 al podio. Qued\u00f3 a 18 puntos de Buemi.<\/p>\n<p>Adem\u00e1s de Piquet Jr., corren en esta f\u00f3rmula dos hijos de cracks: Bruno Senna (sobrino de Ayrton) y Nicolas Jean Prost (hijo de Alain). Quedaron en sexta y s\u00e9ptima posici\u00f3n, respectivamente.<\/p>\n<p>El hombre que hab\u00eda conseguido la pole position Jean-Eric Vergne debi\u00f3 abandonar.<\/p>\n<p>La pr\u00f3xima carrera ser\u00e1 el 10 de enero en Buenos Aires.<\/p>\n<p><strong>ECOLOGISTAS DEL MOTOR.<\/strong> La F\u00f3rmula E fue creada por la Federaci\u00f3n Internacional de Automovilismo donde se corre con veh\u00edculos el\u00e9ctricos buscando una categor\u00eda m\u00e1s ecol\u00f3gica, menos ruidosa y que transite circuitos urbanos.<\/p>\n<p>El sistema de puntuaci\u00f3n premia a los diez primeros de cada Gran Premio con una escala de 25 hasta 1, pero tambi\u00e9n se punt\u00faa al que gana la Pole Position y al que haga la vuelta m\u00e1s r\u00e1pida de la carrera.<\/p>\n<p>&nbsp;<\/p>\n<p><strong><span style=\"text-decoration: underline;\">FUENTE:<\/span><\/strong><\/p>\n<p>http:\/\/www.subrayado.com.uy\/Site\/noticia\/40044\/formula-e-en-punta-del-este-gano-el-suizo-sebastian-buemi<\/p>\n<p>.<\/p>\n","protected":false},"excerpt":{"rendered":"<p>En una carrera llena de emociones hasta el final, unas 10.000 personas siguieron de cerca la competici\u00f3n de automovilismo El suizo Sebastien Buemi gan\u00f3 en Punta del Este la tercera etapa del Mundial de F\u00f3rmula E. Es su primera victoria del a\u00f1o y lo deja en segunda posici\u00f3n en la clasificaci\u00f3n de conductores. Super\u00f3 por [&hellip;]<\/p>\n","protected":false},"author":1,"featured_media":0,"comment_status":"open","ping_status":"open","sticky":false,"template":"","format":"standard","meta":{"footnotes":""},"categories":[1],"tags":[],"class_list":["post-220","post","type-post","status-publish","format-standard","hentry","category-uncategorized"],"_links":{"self":[{"href":"https:\/\/elfuturoeselectrico.com\/index.php?rest_route=\/wp\/v2\/posts\/220","targetHints":{"allow":["GET"]}}],"collection":[{"href":"https:\/\/elfuturoeselectrico.com\/index.php?rest_route=\/wp\/v2\/posts"}],"about":[{"href":"https:\/\/elfuturoeselectrico.com\/index.php?rest_route=\/wp\/v2\/types\/post"}],"author":[{"embeddable":true,"href":"https:\/\/elfuturoeselectrico.com\/index.php?rest_route=\/wp\/v2\/users\/1"}],"replies":[{"embeddable":true,"href":"https:\/\/elfuturoeselectrico.com\/index.php?rest_route=%2Fwp%2Fv2%2Fcomments&post=220"}],"version-history":[{"count":0,"href":"https:\/\/elfuturoeselectrico.com\/index.php?rest_route=\/wp\/v2\/posts\/220\/revisions"}],"wp:attachment":[{"href":"https:\/\/elfuturoeselectrico.com\/index.php?rest_route=%2Fwp%2Fv2%2Fmedia&parent=220"}],"wp:term":[{"taxonomy":"category","embeddable":true,"href":"https:\/\/elfuturoeselectrico.com\/index.php?rest_route=%2Fwp%2Fv2%2Fcategories&post=220"},{"taxonomy":"post_tag","embeddable":true,"href":"https:\/\/elfuturoeselectrico.com\/index.php?rest_route=%2Fwp%2Fv2%2Ftags&post=220"}],"curies":[{"name":"wp","href":"https:\/\/api.w.org\/{rel}","templated":true}]}}