{"id":236,"date":"2015-03-22T13:50:17","date_gmt":"2015-03-22T13:50:17","guid":{"rendered":"http:\/\/www.elfuturoeselectrico.com\/?p=236"},"modified":"2015-03-22T13:50:17","modified_gmt":"2015-03-22T13:50:17","slug":"el-avion-solar-impulse-2-en-birmania-en-cuarta-etapa-de-vuelta-al-mundo","status":"publish","type":"post","link":"https:\/\/elfuturoeselectrico.com\/?p=236","title":{"rendered":"El avi\u00f3n Solar Impulse 2 en Birmania en cuarta etapa de vuelta al mundo"},"content":{"rendered":"<p>El avi\u00f3n Solar Impulse 2 aterriz\u00f3 este jueves en Mandalay completando la cuarta etapa de una vuelta al mundo hist\u00f3rica sin carburante.<\/p>\n<p><img decoding=\"async\" class=\" aligncenter\" src=\"http:\/\/www.elpais.com.uy\/files\/article_main\/uploads\/2015\/03\/09\/54fe3c69249d4.jpg\" alt=\"\" \/><\/p>\n<p>El monoplaza aterriz\u00f3 a las 19H51 hora local (13H21 GMT), despu\u00e9s de 13 horas de vuelo desde la ciudad india de Varanasi (Benar\u00e9s), mientras que estaba previsto que la nave completara la traves\u00eda en cerca de 20 horas.<\/p>\n<p>\u00abEste vuelo rompi\u00f3 r\u00e9cord en t\u00e9rminos de velocidad al alcanzar 117 nudos ayudado por vientos de cola\u00bb, dijo el equipo en una declaraci\u00f3n publicada en YouTube.<\/p>\n<p>Varias fotos publicadas en las redes sociales mostraban que los pilotos fueron recibidos por una multitud de bailarines y por dos hombres vestidos de elefante.<\/p>\n<p>El suizo Bertrand Piccard tom\u00f3 el relevo a su compatriota Andr\u00e9 Borschberg y comand\u00f3 el aparato en la cuarta etapa.<\/p>\n<p>El SI2, que parti\u00f3 de Abu Dabi el 9 de marzo, debe recorrer 35.000 km en total y sobrevolar dos oc\u00e9anos alimentado s\u00f3lo con energ\u00eda solar. Tardar\u00e1 cinco meses, con 25 d\u00edas de vuelo efectivo, antes de regresar a Abu Dabi a finales de julio o principios de agosto.<\/p>\n<p>El Solar Impulse est\u00e1 recubierto de 17.000 c\u00e9lulas fotovoltaicas y cuenta con unas alas de 72 metros, casi tan largas como las de un Airbus A380. Parte de su misi\u00f3n es promover el desarrollo de la aviaci\u00f3n con tecnolog\u00edas verdes.<\/p>\n<p><span style=\"text-decoration: underline;\">FUENTE:<\/span><\/p>\n<p>http:\/\/www.elpais.com.uy\/vida-actual\/avion-solar-impulse-birmania-vuelta.html<\/p>\n<p>.<\/p>\n","protected":false},"excerpt":{"rendered":"<p>El avi\u00f3n Solar Impulse 2 aterriz\u00f3 este jueves en Mandalay completando la cuarta etapa de una vuelta al mundo hist\u00f3rica sin carburante. El monoplaza aterriz\u00f3 a las 19H51 hora local (13H21 GMT), despu\u00e9s de 13 horas de vuelo desde la ciudad india de Varanasi (Benar\u00e9s), mientras que estaba previsto que la nave completara la traves\u00eda [&hellip;]<\/p>\n","protected":false},"author":1,"featured_media":0,"comment_status":"open","ping_status":"open","sticky":false,"template":"","format":"standard","meta":{"footnotes":""},"categories":[1],"tags":[],"class_list":["post-236","post","type-post","status-publish","format-standard","hentry","category-uncategorized"],"_links":{"self":[{"href":"https:\/\/elfuturoeselectrico.com\/index.php?rest_route=\/wp\/v2\/posts\/236","targetHints":{"allow":["GET"]}}],"collection":[{"href":"https:\/\/elfuturoeselectrico.com\/index.php?rest_route=\/wp\/v2\/posts"}],"about":[{"href":"https:\/\/elfuturoeselectrico.com\/index.php?rest_route=\/wp\/v2\/types\/post"}],"author":[{"embeddable":true,"href":"https:\/\/elfuturoeselectrico.com\/index.php?rest_route=\/wp\/v2\/users\/1"}],"replies":[{"embeddable":true,"href":"https:\/\/elfuturoeselectrico.com\/index.php?rest_route=%2Fwp%2Fv2%2Fcomments&post=236"}],"version-history":[{"count":0,"href":"https:\/\/elfuturoeselectrico.com\/index.php?rest_route=\/wp\/v2\/posts\/236\/revisions"}],"wp:attachment":[{"href":"https:\/\/elfuturoeselectrico.com\/index.php?rest_route=%2Fwp%2Fv2%2Fmedia&parent=236"}],"wp:term":[{"taxonomy":"category","embeddable":true,"href":"https:\/\/elfuturoeselectrico.com\/index.php?rest_route=%2Fwp%2Fv2%2Fcategories&post=236"},{"taxonomy":"post_tag","embeddable":true,"href":"https:\/\/elfuturoeselectrico.com\/index.php?rest_route=%2Fwp%2Fv2%2Ftags&post=236"}],"curies":[{"name":"wp","href":"https:\/\/api.w.org\/{rel}","templated":true}]}}