{"id":252,"date":"2015-05-27T02:49:50","date_gmt":"2015-05-27T02:49:50","guid":{"rendered":"http:\/\/www.elfuturoeselectrico.com\/?p=252"},"modified":"2015-05-27T02:49:50","modified_gmt":"2015-05-27T02:49:50","slug":"las-estaciones-de-recarga-para-coches-electricos-se-vuelven-solares-moviles-y-gratuitas","status":"publish","type":"post","link":"https:\/\/elfuturoeselectrico.com\/?p=252","title":{"rendered":"Las estaciones de recarga para coches el\u00e9ctricos se vuelven solares, m\u00f3viles y gratuitas"},"content":{"rendered":"<p>Desde la llegada de los primeros coches el\u00e9ctricos una de las principales dificultades es la de conseguir una estaci\u00f3n de recarga, ya que en muchas ocasiones est\u00e1n instaladas en un lugar alejado lo que dificulta el alimentar de energ\u00eda a nuestro coche, teniendo que optar por la recarga casera con el respectivo coste de energ\u00eda que esto conlleva.<\/p>\n<p><img loading=\"lazy\" decoding=\"async\" src=\"http:\/\/www.netuy.net\/blog\/wp-content\/uploads\/2015\/04\/650_1200-300x198.png\" alt=\"650_1200\" width=\"300\" height=\"198\" align=\"left\" \/><\/p>\n<p>Por ello se han tratado de hacer varios esfuerzos por implementar estaciones de recarga en zonas p\u00fablicas pero el mayor problema ha sido en s\u00ed la instalaci\u00f3n, ya que requiere permisos especiales y el abastecimiento de la red p\u00fablica, pero eso podr\u00eda quedar en el pasado ya que en la ciudad de San Francisco, Estados Unidos, acaban de estrenar unas nuevas estaciones de carga solares con interesantes caracter\u00edsticas.<\/p>\n<p>San Francisco se acaba de convertir en la primera ciudad del mundo en estrenar tres estaciones de recarga para coches el\u00e9ctricos que no requieren estar conectadas a la red de energ\u00eda de la ciudad ya que su funcionamiento se basa en celdas solares, lo que adem\u00e1s las hace m\u00f3viles, es decir, se pueden cambiar de ubicaci\u00f3n sin necesidad de complicadas instalaciones, pero lo m\u00e1s importante es que son gratuitas.<\/p>\n<p>Fuente: <a href=\"http:\/\/www.xataka.com\/tecnologia-en-el-coche\/las-estaciones-de-recarga-para-coches-electricos-se-vuelven-solares-moviles-y-gratuitas\">www.xataka.com<\/a><\/p>\n","protected":false},"excerpt":{"rendered":"<p>Desde la llegada de los primeros coches el\u00e9ctricos una de las principales dificultades es la de conseguir una estaci\u00f3n de recarga, ya que en muchas ocasiones est\u00e1n instaladas en un lugar alejado lo que dificulta el alimentar de energ\u00eda a nuestro coche, teniendo que optar por la recarga casera con el respectivo coste de energ\u00eda [&hellip;]<\/p>\n","protected":false},"author":1,"featured_media":0,"comment_status":"open","ping_status":"open","sticky":false,"template":"","format":"standard","meta":{"footnotes":""},"categories":[1],"tags":[],"class_list":["post-252","post","type-post","status-publish","format-standard","hentry","category-uncategorized"],"_links":{"self":[{"href":"https:\/\/elfuturoeselectrico.com\/index.php?rest_route=\/wp\/v2\/posts\/252","targetHints":{"allow":["GET"]}}],"collection":[{"href":"https:\/\/elfuturoeselectrico.com\/index.php?rest_route=\/wp\/v2\/posts"}],"about":[{"href":"https:\/\/elfuturoeselectrico.com\/index.php?rest_route=\/wp\/v2\/types\/post"}],"author":[{"embeddable":true,"href":"https:\/\/elfuturoeselectrico.com\/index.php?rest_route=\/wp\/v2\/users\/1"}],"replies":[{"embeddable":true,"href":"https:\/\/elfuturoeselectrico.com\/index.php?rest_route=%2Fwp%2Fv2%2Fcomments&post=252"}],"version-history":[{"count":0,"href":"https:\/\/elfuturoeselectrico.com\/index.php?rest_route=\/wp\/v2\/posts\/252\/revisions"}],"wp:attachment":[{"href":"https:\/\/elfuturoeselectrico.com\/index.php?rest_route=%2Fwp%2Fv2%2Fmedia&parent=252"}],"wp:term":[{"taxonomy":"category","embeddable":true,"href":"https:\/\/elfuturoeselectrico.com\/index.php?rest_route=%2Fwp%2Fv2%2Fcategories&post=252"},{"taxonomy":"post_tag","embeddable":true,"href":"https:\/\/elfuturoeselectrico.com\/index.php?rest_route=%2Fwp%2Fv2%2Ftags&post=252"}],"curies":[{"name":"wp","href":"https:\/\/api.w.org\/{rel}","templated":true}]}}