{"id":95,"date":"2014-01-01T01:01:46","date_gmt":"2014-01-01T01:01:46","guid":{"rendered":"http:\/\/www.elfuturoeselectrico.com\/?p=95"},"modified":"2014-01-01T01:01:46","modified_gmt":"2014-01-01T01:01:46","slug":"uruguay-quintuplicara-la-generacion-de-energia-eolica-y-llegara-a-250-mw","status":"publish","type":"post","link":"https:\/\/elfuturoeselectrico.com\/?p=95","title":{"rendered":"Uruguay quintuplicar\u00e1 la generaci\u00f3n de energ\u00eda e\u00f3lica y llegar\u00e1 a 250 MW!"},"content":{"rendered":"<p>Ocurrir\u00e1 dentro de tres meses. El pa\u00eds se perfila como l\u00edder de energ\u00edas limpias en la regi\u00f3n.<\/p>\n<p>Ya hay instalados en diferentes puntos del pa\u00eds unos 100 aerogeneradores que comenzar\u00e1n a producir energ\u00eda e\u00f3lica en los primeros meses del a\u00f1o pr\u00f3ximo.<\/p>\n<p>Dentro de tres meses, Uruguay aumentar\u00e1 su capacidad de generaci\u00f3n de energ\u00eda e\u00f3lica y alcanzar\u00e1 los 250 megavatios. Actualmente, los parques e\u00f3licos aportan al sistema de generaci\u00f3n 52 megavatios.<\/p>\n<p>El presidente de UTE, Gonzalo Casaravilla, se\u00f1al\u00f3 que ese ser\u00e1 el punto de partida para conseguir una producci\u00f3n e\u00f3lica de 1.200 megavatios en 2016. \u201cNo hay ninguna raz\u00f3n para que ese plan no se cumpla\u201d, estim\u00f3 el jerarca p\u00fablico. <!--more--><\/p>\n<p>Actualmente, se generan 52 megavatios en parques e\u00f3licos privados y en predios de UTE, como Kentilux en San Jos\u00e9, Sierra de los Caracoles en Maldonado o Nuevo Manantial en Rocha, por lo que con la nueva producci\u00f3n que se realizar\u00e1 en el primer trimestre de 2014 se quintuplicar\u00e1 la generaci\u00f3n de e\u00f3lica.<\/p>\n<p>La previsi\u00f3n estatal es que para el cierre de 2014 se alcancen los 600 megavatios, de energ\u00eda e\u00f3lica, se\u00f1al\u00f3 Casaravilla. \u201cEn un momento ven\u00edamos con la calidad de los servicios el\u00e9ctricos complicada. Por eso se apunt\u00f3 a cambiar la matriz de abastecimiento\u201d, dijo el jerarca.<\/p>\n<p>Ese cambio de la matriz fue uno de los objetivos energ\u00e9ticos que tiene el actual gobierno. Al cierre del quinquenio, UTE tambi\u00e9n quiere incorporar energ\u00eda fotovoltaica y biomasa y lograr que un 90% del total de la generaci\u00f3n ese realice en base a energ\u00edas renovables. Pero, para la empresa p\u00fablica, la e\u00f3lica es la energ\u00eda que permitir\u00e1 disminuir el costo de la generaci\u00f3n de electricidad.<\/p>\n<p>Casaravilla indic\u00f3 que para 2013 el costo estimado de abastecimiento de la demanda hab\u00eda sido de US$ 1.100 millones. Finalmente, se ubic\u00f3 por debajo de esa cifra, lo que permiti\u00f3 a UTE volcar al Fondo de Estabilizaci\u00f3n Energ\u00e9tico (que es administrado por la Corporaci\u00f3n Nacional para el Desarrollo) US$ 276 millones.<\/p>\n<p>\u201cCon la incorporaci\u00f3n de la e\u00f3lica, para el a\u00f1o que viene la estimaci\u00f3n del costo de abastecimiento ya est\u00e1 por debajo de los US$ 1.000 millones\u201d, dijo el presidente de UTE.<\/p>\n<p>El jerarca agreg\u00f3 que en 2016 se podr\u00e1 disminuir a\u00fan m\u00e1s ese costo, ya que adem\u00e1s de los 1.200 megavatios previstos de e\u00f3lica, el pa\u00eds tambi\u00e9n tendr\u00e1 gas -producido en la planta regasificadora que comenzar\u00e1 a construirse el mes pr\u00f3ximo en Puntas de Sayago-, que permitir\u00e1 a UTE tener en funcionamiento la central de ciclo combinado que ser\u00e1 construida en Punta del Tigre, en San Jos\u00e9.<\/p>\n<p>Casaravilla inform\u00f3 que ya fueron compradas las turbinas para esa planta y llegar\u00e1n al pa\u00eds dentro de aproximadamente dos meses.<\/p>\n<p>El a\u00f1o pr\u00f3ximo comenzar\u00e1n las obras y se espera que la central est\u00e9 operativa a mediados de 2015. La generaci\u00f3n energ\u00e9tica e\u00f3lica y la incorporaci\u00f3n del gas dentro de la matriz permitir\u00e1n bajar el costo de producci\u00f3n energ\u00e9tica que se traducir\u00e1 en una eventual disminuci\u00f3n de la tarifa el\u00e9ctrica de hasta un 15% en 2016.<\/p>\n<p>Pero adem\u00e1s, en UTE sostienen que el precio de la electricidad ser\u00eda mucho m\u00e1s alto en el futuro de no haberse tomado decisiones para ampliar la matriz energ\u00e9tica y buscar otras fuentes para la generaci\u00f3n.<\/p>\n<p>Para el a\u00f1o pr\u00f3ximo, UTE tiene previsto realizar inversiones por US$ 480 millones y superar los US$ 430 millones de 2013. \u201cSon decisiones que ya fueron tomadas; es algo para la central de ciclo combinado, la interconexi\u00f3n energ\u00e9tica con Brasil, subestaciones o tendido el\u00e9ctrico, entre otras cosas\u201d, se\u00f1al\u00f3 el presidente del ente.<\/p>\n<p>Casaravilla indic\u00f3 que en el per\u00edodo que va desde 2010 a 2017 -cuando todas los proyectos planificados est\u00e9n en funcionamiento- UTE habr\u00e1 invertido US$ 2.800 millones, mientras que la inversi\u00f3n privada en energ\u00eda el\u00e9ctrica ser\u00e1 de US$ 3.800 millones.<\/p>\n<p>A su vez, en este quinquenio, la inversi\u00f3n prevista por el ente es de US$ 2.000 millones. Casaravilla record\u00f3 que entre 2000 y 2005 el capital aportado para nuevos proyectos por UTE fue de US$ 350 millones y en los siguientes cinco a\u00f1o la inversi\u00f3n pas\u00f3 a US$ 700 millones.<\/p>\n<p>Dentro de los hechos que destac\u00f3 el presidente de UTE en 2013 se encuentran la firma del contrato con el consorcio GDF-Suez para la construcci\u00f3n de la planta regasificadora, la contrataci\u00f3n de un seguro clim\u00e1tico al Banco Mundial o la finalizaci\u00f3n de la obra de la convertidora de energ\u00eda en Melo para llevar adelante la interconexi\u00f3n con Brasil.<\/p>\n<p>Tambi\u00e9n se\u00f1al\u00f3 al programa \u201cA todas luces\u201d, con el cual se entregaron a la poblaci\u00f3n 1.700.000 l\u00e1mparas de bajo consumo, la financiaci\u00f3n del 50% de 2.000 colectores solares con el \u201cPlan Solar\u201d o la implementaci\u00f3n en la empresa del sistema de gesti\u00f3n comercial \u201cRenova\u201d.<\/p>\n<p><strong><span style=\"text-decoration: underline;\">FUENTE:<\/span><\/strong><\/p>\n<p>http:\/\/www.noticiasambientales.com.ar\/index.php?leng=es&#038;nombremodulo=Energia&#038;id=2240<\/p>\n","protected":false},"excerpt":{"rendered":"<p>Ocurrir\u00e1 dentro de tres meses. El pa\u00eds se perfila como l\u00edder de energ\u00edas limpias en la regi\u00f3n. Ya hay instalados en diferentes puntos del pa\u00eds unos 100 aerogeneradores que comenzar\u00e1n a producir energ\u00eda e\u00f3lica en los primeros meses del a\u00f1o pr\u00f3ximo. Dentro de tres meses, Uruguay aumentar\u00e1 su capacidad de generaci\u00f3n de energ\u00eda e\u00f3lica y [&hellip;]<\/p>\n","protected":false},"author":1,"featured_media":0,"comment_status":"open","ping_status":"open","sticky":false,"template":"","format":"standard","meta":{"footnotes":""},"categories":[1],"tags":[],"class_list":["post-95","post","type-post","status-publish","format-standard","hentry","category-uncategorized"],"_links":{"self":[{"href":"https:\/\/elfuturoeselectrico.com\/index.php?rest_route=\/wp\/v2\/posts\/95","targetHints":{"allow":["GET"]}}],"collection":[{"href":"https:\/\/elfuturoeselectrico.com\/index.php?rest_route=\/wp\/v2\/posts"}],"about":[{"href":"https:\/\/elfuturoeselectrico.com\/index.php?rest_route=\/wp\/v2\/types\/post"}],"author":[{"embeddable":true,"href":"https:\/\/elfuturoeselectrico.com\/index.php?rest_route=\/wp\/v2\/users\/1"}],"replies":[{"embeddable":true,"href":"https:\/\/elfuturoeselectrico.com\/index.php?rest_route=%2Fwp%2Fv2%2Fcomments&post=95"}],"version-history":[{"count":0,"href":"https:\/\/elfuturoeselectrico.com\/index.php?rest_route=\/wp\/v2\/posts\/95\/revisions"}],"wp:attachment":[{"href":"https:\/\/elfuturoeselectrico.com\/index.php?rest_route=%2Fwp%2Fv2%2Fmedia&parent=95"}],"wp:term":[{"taxonomy":"category","embeddable":true,"href":"https:\/\/elfuturoeselectrico.com\/index.php?rest_route=%2Fwp%2Fv2%2Fcategories&post=95"},{"taxonomy":"post_tag","embeddable":true,"href":"https:\/\/elfuturoeselectrico.com\/index.php?rest_route=%2Fwp%2Fv2%2Ftags&post=95"}],"curies":[{"name":"wp","href":"https:\/\/api.w.org\/{rel}","templated":true}]}}